{"id":451,"date":"2020-08-25T23:01:34","date_gmt":"2020-08-25T22:01:34","guid":{"rendered":"https:\/\/www.kanzlei-tatzber.at\/?p=451"},"modified":"2020-08-30T17:25:46","modified_gmt":"2020-08-30T16:25:46","slug":"informationen-zur-beantragung-des-haertefall-fonds","status":"publish","type":"post","link":"https:\/\/www.kanzlei-tatzber.at\/?p=451","title":{"rendered":"Informationen zur Beantragung des H\u00e4rtefall \u2013 Fonds"},"content":{"rendered":"\t\t<div data-elementor-type=\"wp-post\" data-elementor-id=\"451\" class=\"elementor elementor-451\">\n\t\t\t\t\t\t<section class=\"elementor-section elementor-top-section elementor-element elementor-element-b9b2a65 elementor-section-boxed elementor-section-height-default elementor-section-height-default\" data-id=\"b9b2a65\" data-element_type=\"section\">\n\t\t\t\t\t\t<div class=\"elementor-container elementor-column-gap-default\">\n\t\t\t\t\t<div class=\"elementor-column elementor-col-100 elementor-top-column elementor-element elementor-element-bf43e6b\" data-id=\"bf43e6b\" data-element_type=\"column\">\n\t\t\t<div class=\"elementor-widget-wrap elementor-element-populated\">\n\t\t\t\t\t\t<div class=\"elementor-element elementor-element-aa048b5 elementor-widget elementor-widget-heading\" data-id=\"aa048b5\" data-element_type=\"widget\" data-widget_type=\"heading.default\">\n\t\t\t\t<div class=\"elementor-widget-container\">\n\t\t\t\t\t<h5 class=\"elementor-heading-title elementor-size-default\">Informationen Zur Beantragung Des H\u00e4rtefall \u2013 Fonds<\/h5>\t\t\t\t<\/div>\n\t\t\t\t<\/div>\n\t\t\t\t\t<\/div>\n\t\t<\/div>\n\t\t\t\t\t<\/div>\n\t\t<\/section>\n\t\t\t\t<section class=\"elementor-section elementor-top-section elementor-element elementor-element-5a71b31 elementor-section-boxed elementor-section-height-default elementor-section-height-default\" data-id=\"5a71b31\" data-element_type=\"section\">\n\t\t\t\t\t\t<div class=\"elementor-container elementor-column-gap-default\">\n\t\t\t\t\t<div class=\"elementor-column elementor-col-100 elementor-top-column elementor-element elementor-element-bd66d32\" data-id=\"bd66d32\" data-element_type=\"column\">\n\t\t\t<div class=\"elementor-widget-wrap elementor-element-populated\">\n\t\t\t\t\t\t<div class=\"elementor-element elementor-element-ece00c1 elementor-widget elementor-widget-text-editor\" data-id=\"ece00c1\" data-element_type=\"widget\" data-widget_type=\"text-editor.default\">\n\t\t\t\t<div class=\"elementor-widget-container\">\n\t\t\t\t\t\t\t\t\t<p>Hier finden Sie folgend die wichtigsten Informationen betreffend des eingerichteten H\u00e4rtefall \u2013 Fonds. Dieser kann \u00fcber die Homepage der Wirtschaftskammer beantragt werden.<\/p><p><a href=\"https:\/\/www.wko.at\/service\/haertefall-fonds-epu-kleinunternehmen.html\" target=\"_blank\" rel=\"noopener noreferrer\">https:\/\/www.wko.at\/service\/haertefall-fonds-epu-kleinunternehmen.html<\/a><\/p><p>Es werden\u00a0<u>alle<\/u>\u00a0anspruchsberechtigen\u00a0<u>Antr\u00e4ge<\/u>\u00a0bearbeitet und die entsprechenden Mittel ausgezahlt. Es besteht \u00a0<u>k e i n e\u00a0 Gefahr<\/u>\u00a0dass der Fonds\u00a0<u>sp\u00e4tere Antr\u00e4ge nicht zur Auszahlung<\/u>\u00a0bringt!<\/p><p>Der Fonds wird in 2 Phasen abgewickelt. In Phase 1 werden recht unb\u00fcrokratisch EUR 500,00 bis EUR 1.000,00 ausbezahlt. In Phase 2 sollen bis zu EUR 2.000,00 pro Monat f\u00fcr einen Zeitraum von drei Monaten ausbezahlt werden (genaue Kriterien befinden sich noch in Ausarbeitung).<\/p><p><u>Folgende Voraussetzungen<\/u>\u00a0gelten f\u00fcr die Beantragung und Genehmigung der Auszahlung:<\/p><p>Antragsberechtigt sind:<\/p><ul><li>Ein-Personen-Unternehmer<\/li><li>Kleinstunternehmer, die weniger als 10 Vollzeit-\u00c4quivalente besch\u00e4ftigen und max. 2 Mio. Euro Umsatz oder Bilanzsumme aufweisen.<\/li><li>Erwerbst\u00e4tige Gesellschafter, die nach GSVG\/FSVG pflichtversichert sind<\/li><li><u>Neue Selbst\u00e4ndige<\/u>\u00a0wie z.B. Vortragende und K\u00fcnstler, Journalisten, Psychotherapeuten<\/li><li><u>Freie Dienstnehmer<\/u>\u00a0wie EDV-Spezialisten, Erwachsenentrainer, etc.<\/li><li>Freie Berufe<\/li><\/ul><ul><li>\u201eWichtigste Voraussetzung ist das\u00a0<u>Bestehen einer Pflichtversicherung bei des SVS.<\/u>\u00a0D.h. Pension-, Kranken-, Unfallversicherung und Selbstst\u00e4ndigenvorsorge.<\/li><li>\u201eOpting In\u201c (freiwillige Krankenversicherung) ist nicht ausreichend!<\/li><li>Keine weitere Pflichtversicherung \u2013 z. B. \u00fcber eine Anstellung<\/li><\/ul><p><u>Weitere Voraussetzungen<\/u>\u00a0sind:<\/p><ul><li>Einkommen (inklusive Sozialversicherungsbeitr\u00e4gen) nicht \u00fcber rund EUR 57.456,00 (f\u00fcr 2018) oder EUR 58.464,00 (f\u00fcr 2019)<\/li><li>Keine weiteren Eink\u00fcnfte \u00fcber EUR 460,00 pro Monat aus z.B. einer Anstellung oder Vermietung<\/li><li>Umsatzr\u00fcckgang um 50% zum Vergleichsmonat des Vorjahres<\/li><li>Gr\u00fcndung des Unternehmens vor dem 31.12.2019<\/li><\/ul><p><u>Beantragung und Unterlagen:<\/u><\/p><ul><li>Beantragung \u00fcber das WKO Benutzer Account oder Direkteinstieg<\/li><li>Steuernummer<\/li><li>Kennziffer Unternehmensregister (falls Gewerbeschein vorhanden) oder Global Location Number (falls Gewerbeschein vorhanden),\u00a0<b>Freie Dienstnehmer m\u00fcssen weder KUR noch GLN eintragen!<\/b>\u00a0Es handelt sich um beh\u00f6rdliche Kennziffern, die die Identifikation von Unternehmen erm\u00f6glichen. Grunds\u00e4tzlich haben alle Unternehmer mit einer Steuernummer auch eine KUR bzw. GLN. WKO-Mitglieder erhalten automatisch eine KUR bzw. GLN.<p class=\"\">F\u00fcr die Antragsstellung ist entweder die KUR oder die GLN anzugeben. Freie Dienstnehmer m\u00fcssen weder KUR noch GLN angeben.<\/p><p class=\"\"><b>WKO-Mitglieder<\/b>\u00a0finden ihre GLN (der \u00f6ffentlichen Verwaltung) bei ihrem eigenen Eintrag im Firmen A-Z unter\u00a0<a class=\"\" href=\"https:\/\/firmen.wko.at\/Web\/SearchSimple.aspx\" target=\"_blank\" rel=\"noopener noreferrer\" data-gentics-gcn-url=\"https:\/\/firmen.wko.at\/Web\/SearchSimple.aspx\">firmen.wko.at<\/a>.<\/p><p class=\"\">Als\u00a0<b>Unternehmen das im Unternehmensserviceportal<\/b>\u00a0(<a class=\"\" href=\"https:\/\/www.usp.gv.at\/Portal.Node\/usp\/public\" target=\"_blank\" rel=\"noopener noreferrer\" data-gentics-gcn-url=\"https:\/\/www.usp.gv.at\/Portal.Node\/usp\/public\">www.usp.gv.at<\/a>) registriert ist finden Sie Ihre KUR und Ihre GLN (Bezeichnung: SEK) nach dem Login im Block \u201eMein USP\u201c auf \u201eUnternehmensdaten\u201c.<\/p><p class=\"\"><b>Nicht protokollierte Einzelunternehmen<\/b>\u00a0sind zudem im Erg\u00e4nzungsregister f\u00fcr sonstige Betroffene (ERsB) erfasst und k\u00f6nnen ihre GLNs unter\u00a0<a class=\"\" href=\"https:\/\/www.ersb.gv.at\/ersb\/faces\/ErsbMain.xhtml\" target=\"_blank\" rel=\"noopener noreferrer\" data-gentics-gcn-url=\"https:\/\/www.ersb.gv.at\/ersb\/faces\/ErsbMain.xhtml\">www.ersb.gv.at<\/a>\u00a0abfragen. Dazu ist nach Einstieg zur \u201eBeauskunftung\u201c auf den Reiter \u201eFunktionstr\u00e4ger\u201c zu wechseln und dort bei \u201eNat\u00fcrliche Person\u201c der eigene Name und das Geburtsdatum einzugeben.<\/p><p class=\"\">Tipp: Versehen Sie Ihren Vornamen mit einem \u201e*\u201c (*VORNAME*), dann werden sie leichter gefunden, wenn Sie mehrere Vornamen oder einen akademischen Titel haben. Nachdem Sie die Suche geklickt haben, erhalten Sie die Suchergebnisse direkt unter der Suchmaske.<\/p><p>Bei Ihrem Eintrag klicken sie dann auf das PDF-Symbol ganz rechts unterhalb des Druckersymbols. Im PDF-Dokument finden Sie in der 4. Zeile eine Zahl nach \u201eSEKUND\u00c4R ID\u201c, diese ist die\u00a0<b>GLN<\/b>. In der 5. Zeile finden Sie die\u00a0<b>KUR<\/b>.<\/p><\/li><li>Reisepass oder Personalausweis oder F\u00fchrerschein m\u00fcssen im Rahmen eines Best\u00e4tigungsemails \u00fcbermittelt werden<\/li><\/ul><p>Gerne sind wir Ihnen mit Informationen bei der Beantragung behilflich. Wir ersuchen aber um Verst\u00e4ndnis, dass auch wir Einschr\u00e4nkungen im Betrieb unterliegen und es zu verz\u00f6gerten Beantwortungen von Anfragen kommen kann.<\/p>\t\t\t\t\t\t\t\t<\/div>\n\t\t\t\t<\/div>\n\t\t\t\t\t<\/div>\n\t\t<\/div>\n\t\t\t\t\t<\/div>\n\t\t<\/section>\n\t\t\t\t<\/div>\n\t\t","protected":false},"excerpt":{"rendered":"<p>Informationen Zur Beantragung Des H\u00e4rtefall \u2013 Fonds Hier finden Sie folgend die wichtigsten Informationen betreffend des eingerichteten H\u00e4rtefall \u2013 Fonds. Dieser kann \u00fcber die Homepage der Wirtschaftskammer beantragt werden. https:\/\/www.wko.at\/service\/haertefall-fonds-epu-kleinunternehmen.html Es werden\u00a0alle\u00a0anspruchsberechtigen\u00a0Antr\u00e4ge\u00a0bearbeitet und die entsprechenden Mittel ausgezahlt. Es besteht \u00a0k e i n e\u00a0 Gefahr\u00a0dass der Fonds\u00a0sp\u00e4tere Antr\u00e4ge nicht zur Auszahlung\u00a0bringt! Der Fonds wird in &hellip;<\/p>\n<p class=\"read-more\"> <a class=\"\" href=\"https:\/\/www.kanzlei-tatzber.at\/?p=451\"> <span class=\"screen-reader-text\">Informationen zur Beantragung des H\u00e4rtefall \u2013 Fonds<\/span> Mehr lesen \u00bb<\/a><\/p>\n","protected":false},"author":1,"featured_media":0,"comment_status":"closed","ping_status":"closed","sticky":false,"template":"","format":"standard","meta":{"footnotes":""},"categories":[1],"tags":[],"class_list":["post-451","post","type-post","status-publish","format-standard","hentry","category-uncategorized"],"_links":{"self":[{"href":"https:\/\/www.kanzlei-tatzber.at\/index.php?rest_route=\/wp\/v2\/posts\/451","targetHints":{"allow":["GET"]}}],"collection":[{"href":"https:\/\/www.kanzlei-tatzber.at\/index.php?rest_route=\/wp\/v2\/posts"}],"about":[{"href":"https:\/\/www.kanzlei-tatzber.at\/index.php?rest_route=\/wp\/v2\/types\/post"}],"author":[{"embeddable":true,"href":"https:\/\/www.kanzlei-tatzber.at\/index.php?rest_route=\/wp\/v2\/users\/1"}],"replies":[{"embeddable":true,"href":"https:\/\/www.kanzlei-tatzber.at\/index.php?rest_route=%2Fwp%2Fv2%2Fcomments&post=451"}],"version-history":[{"count":4,"href":"https:\/\/www.kanzlei-tatzber.at\/index.php?rest_route=\/wp\/v2\/posts\/451\/revisions"}],"predecessor-version":[{"id":599,"href":"https:\/\/www.kanzlei-tatzber.at\/index.php?rest_route=\/wp\/v2\/posts\/451\/revisions\/599"}],"wp:attachment":[{"href":"https:\/\/www.kanzlei-tatzber.at\/index.php?rest_route=%2Fwp%2Fv2%2Fmedia&parent=451"}],"wp:term":[{"taxonomy":"category","embeddable":true,"href":"https:\/\/www.kanzlei-tatzber.at\/index.php?rest_route=%2Fwp%2Fv2%2Fcategories&post=451"},{"taxonomy":"post_tag","embeddable":true,"href":"https:\/\/www.kanzlei-tatzber.at\/index.php?rest_route=%2Fwp%2Fv2%2Ftags&post=451"}],"curies":[{"name":"wp","href":"https:\/\/api.w.org\/{rel}","templated":true}]}}